{"id":1,"date":"2023-11-03T13:25:34","date_gmt":"2023-11-03T13:25:34","guid":{"rendered":"https:\/\/web8.infopaginaswebhost.com\/cortinasjfpr\/?p=1"},"modified":"2023-11-03T13:25:34","modified_gmt":"2023-11-03T13:25:34","slug":"hello-world","status":"publish","type":"post","link":"https:\/\/cortinasjfpr.com\/en\/blog\/2023\/11\/03\/hello-world\/","title":{"rendered":"Hello world!"},"content":{"rendered":"<p>Welcome to WordPress. This is your first post. Edit or delete it, then start writing!<\/p>","protected":false},"excerpt":{"rendered":"<p>Welcome to WordPress. This is your first post. Edit or delete it, then start writing!<\/p>","protected":false},"author":1,"featured_media":0,"comment_status":"open","ping_status":"open","sticky":false,"template":"","format":"standard","meta":{"_joinchat":[],"footnotes":""},"categories":[1],"tags":[],"class_list":["post-1","post","type-post","status-publish","format-standard","hentry","category-uncategorized"],"yoast_head":"<!-- This site is optimized with the Yoast SEO plugin v27.4 - https:\/\/yoast.com\/product\/yoast-seo-wordpress\/ -->\n<title>Hello world! - Compa\u00f1\u00eda de cortinas en Puerto Rico | Cortinas JF<\/title>\n<meta name=\"robots\" content=\"index, follow, max-snippet:-1, max-image-preview:large, max-video-preview:-1\" \/>\n<link rel=\"canonical\" href=\"https:\/\/cortinasjfpr.com\/en\/blog\/2023\/11\/03\/hello-world\/\" \/>\n<meta property=\"og:locale\" content=\"en_US\" \/>\n<meta property=\"og:type\" content=\"article\" \/>\n<meta property=\"og:title\" content=\"Hello world! - Compa\u00f1\u00eda de cortinas en Puerto Rico | Cortinas JF\" \/>\n<meta property=\"og:description\" content=\"Welcome to WordPress. This is your first post. Edit or delete it, then start writing!\" \/>\n<meta property=\"og:url\" content=\"https:\/\/cortinasjfpr.com\/en\/blog\/2023\/11\/03\/hello-world\/\" \/>\n<meta property=\"og:site_name\" content=\"Compa\u00f1\u00eda de cortinas en Puerto Rico | Cortinas JF\" \/>\n<meta property=\"article:published_time\" content=\"2023-11-03T13:25:34+00:00\" \/>\n<meta property=\"og:image\" content=\"https:\/\/cortinasjfpr.com\/wp-content\/uploads\/2023\/11\/cc5396_fa43dc02e2a948f1bf38ca358f087464mv2-1.png\" \/>\n\t<meta property=\"og:image:width\" content=\"619\" \/>\n\t<meta property=\"og:image:height\" content=\"606\" \/>\n\t<meta property=\"og:image:type\" content=\"image\/png\" \/>\n<meta name=\"author\" content=\"@CM_master\" \/>\n<meta name=\"twitter:card\" content=\"summary_large_image\" \/>\n<meta name=\"twitter:label1\" content=\"Written by\" \/>\n\t<meta name=\"twitter:data1\" content=\"@CM_master\" \/>\n<script type=\"application\/ld+json\" class=\"yoast-schema-graph\">{\"@context\":\"https:\\\/\\\/schema.org\",\"@graph\":[{\"@type\":\"Article\",\"@id\":\"https:\\\/\\\/cortinasjfpr.com\\\/blog\\\/2023\\\/11\\\/03\\\/hello-world\\\/#article\",\"isPartOf\":{\"@id\":\"https:\\\/\\\/cortinasjfpr.com\\\/blog\\\/2023\\\/11\\\/03\\\/hello-world\\\/\"},\"author\":{\"name\":\"@CM_master\",\"@id\":\"https:\\\/\\\/cortinasjfpr.com\\\/#\\\/schema\\\/person\\\/edc55b1d6dbcdcb0986f989f29036dde\"},\"headline\":\"Hello world!\",\"datePublished\":\"2023-11-03T13:25:34+00:00\",\"mainEntityOfPage\":{\"@id\":\"https:\\\/\\\/cortinasjfpr.com\\\/blog\\\/2023\\\/11\\\/03\\\/hello-world\\\/\"},\"wordCount\":17,\"commentCount\":1,\"publisher\":{\"@id\":\"https:\\\/\\\/cortinasjfpr.com\\\/#organization\"},\"inLanguage\":\"en-US\",\"potentialAction\":[{\"@type\":\"CommentAction\",\"name\":\"Comment\",\"target\":[\"https:\\\/\\\/cortinasjfpr.com\\\/blog\\\/2023\\\/11\\\/03\\\/hello-world\\\/#respond\"]}]},{\"@type\":\"WebPage\",\"@id\":\"https:\\\/\\\/cortinasjfpr.com\\\/blog\\\/2023\\\/11\\\/03\\\/hello-world\\\/\",\"url\":\"https:\\\/\\\/cortinasjfpr.com\\\/blog\\\/2023\\\/11\\\/03\\\/hello-world\\\/\",\"name\":\"Hello world! - Compa\u00f1\u00eda de cortinas en Puerto Rico | Cortinas JF\",\"isPartOf\":{\"@id\":\"https:\\\/\\\/cortinasjfpr.com\\\/#website\"},\"datePublished\":\"2023-11-03T13:25:34+00:00\",\"breadcrumb\":{\"@id\":\"https:\\\/\\\/cortinasjfpr.com\\\/blog\\\/2023\\\/11\\\/03\\\/hello-world\\\/#breadcrumb\"},\"inLanguage\":\"en-US\",\"potentialAction\":[{\"@type\":\"ReadAction\",\"target\":[\"https:\\\/\\\/cortinasjfpr.com\\\/blog\\\/2023\\\/11\\\/03\\\/hello-world\\\/\"]}]},{\"@type\":\"BreadcrumbList\",\"@id\":\"https:\\\/\\\/cortinasjfpr.com\\\/blog\\\/2023\\\/11\\\/03\\\/hello-world\\\/#breadcrumb\",\"itemListElement\":[{\"@type\":\"ListItem\",\"position\":1,\"name\":\"Home\",\"item\":\"https:\\\/\\\/cortinasjfpr.com\\\/\"},{\"@type\":\"ListItem\",\"position\":2,\"name\":\"Hello world!\"}]},{\"@type\":\"WebSite\",\"@id\":\"https:\\\/\\\/cortinasjfpr.com\\\/#website\",\"url\":\"https:\\\/\\\/cortinasjfpr.com\\\/\",\"name\":\"Compa\u00f1\u00eda de cortinas en Puerto Rico | Cortinas JF\",\"description\":\"Cortinas JF, dedicados a la fabricaci\u00f3n e instalaci\u00f3n de cortinas, para interior y exterior. Operamos en toda la isla.  Cont\u00e1ctanos  78-79-43-72-66 y pide un estimado completamente gratis.\",\"publisher\":{\"@id\":\"https:\\\/\\\/cortinasjfpr.com\\\/#organization\"},\"potentialAction\":[{\"@type\":\"SearchAction\",\"target\":{\"@type\":\"EntryPoint\",\"urlTemplate\":\"https:\\\/\\\/cortinasjfpr.com\\\/?s={search_term_string}\"},\"query-input\":{\"@type\":\"PropertyValueSpecification\",\"valueRequired\":true,\"valueName\":\"search_term_string\"}}],\"inLanguage\":\"en-US\"},{\"@type\":\"Organization\",\"@id\":\"https:\\\/\\\/cortinasjfpr.com\\\/#organization\",\"name\":\"Compa\u00f1\u00eda de cortinas en Puerto Rico | Cortinas JF\",\"url\":\"https:\\\/\\\/cortinasjfpr.com\\\/\",\"logo\":{\"@type\":\"ImageObject\",\"inLanguage\":\"en-US\",\"@id\":\"https:\\\/\\\/cortinasjfpr.com\\\/#\\\/schema\\\/logo\\\/image\\\/\",\"url\":\"https:\\\/\\\/infomediapr-websites-wp.s3.amazonaws.com\\\/wp-content\\\/uploads\\\/sites\\\/42\\\/2024\\\/11\\\/19172205\\\/cc5396_55669bfc24b149539186ca075866d810mv2.jpg\",\"contentUrl\":\"https:\\\/\\\/infomediapr-websites-wp.s3.amazonaws.com\\\/wp-content\\\/uploads\\\/sites\\\/42\\\/2024\\\/11\\\/19172205\\\/cc5396_55669bfc24b149539186ca075866d810mv2.jpg\",\"width\":600,\"height\":115,\"caption\":\"Compa\u00f1\u00eda de cortinas en Puerto Rico | Cortinas JF\"},\"image\":{\"@id\":\"https:\\\/\\\/cortinasjfpr.com\\\/#\\\/schema\\\/logo\\\/image\\\/\"}},{\"@type\":\"Person\",\"@id\":\"https:\\\/\\\/cortinasjfpr.com\\\/#\\\/schema\\\/person\\\/edc55b1d6dbcdcb0986f989f29036dde\",\"name\":\"@CM_master\",\"image\":{\"@type\":\"ImageObject\",\"inLanguage\":\"en-US\",\"@id\":\"https:\\\/\\\/secure.gravatar.com\\\/avatar\\\/3f94f2d1c6fdfb8dfd9a3dc195cb9a9349ac18eb088c22244f1f60cc81f81b7b?s=96&d=mm&r=g\",\"url\":\"https:\\\/\\\/secure.gravatar.com\\\/avatar\\\/3f94f2d1c6fdfb8dfd9a3dc195cb9a9349ac18eb088c22244f1f60cc81f81b7b?s=96&d=mm&r=g\",\"contentUrl\":\"https:\\\/\\\/secure.gravatar.com\\\/avatar\\\/3f94f2d1c6fdfb8dfd9a3dc195cb9a9349ac18eb088c22244f1f60cc81f81b7b?s=96&d=mm&r=g\",\"caption\":\"@CM_master\"},\"sameAs\":[\"https:\\\/\\\/royalblue-ostrich-934698.hostingersite.com\"],\"url\":\"https:\\\/\\\/cortinasjfpr.com\\\/en\\\/blog\\\/author\\\/cm_master\\\/\"}]}<\/script>\n<!-- \/ Yoast SEO plugin. -->","yoast_head_json":{"title":"Hello world! - Compa\u00f1\u00eda de cortinas en Puerto Rico | Cortinas JF","robots":{"index":"index","follow":"follow","max-snippet":"max-snippet:-1","max-image-preview":"max-image-preview:large","max-video-preview":"max-video-preview:-1"},"canonical":"https:\/\/cortinasjfpr.com\/en\/blog\/2023\/11\/03\/hello-world\/","og_locale":"en_US","og_type":"article","og_title":"Hello world! - Compa\u00f1\u00eda de cortinas en Puerto Rico | Cortinas JF","og_description":"Welcome to WordPress. This is your first post. Edit or delete it, then start writing!","og_url":"https:\/\/cortinasjfpr.com\/en\/blog\/2023\/11\/03\/hello-world\/","og_site_name":"Compa\u00f1\u00eda de cortinas en Puerto Rico | Cortinas JF","article_published_time":"2023-11-03T13:25:34+00:00","og_image":[{"width":619,"height":606,"url":"https:\/\/cortinasjfpr.com\/wp-content\/uploads\/2023\/11\/cc5396_fa43dc02e2a948f1bf38ca358f087464mv2-1.png","type":"image\/png"}],"author":"@CM_master","twitter_card":"summary_large_image","twitter_misc":{"Written by":"@CM_master"},"schema":{"@context":"https:\/\/schema.org","@graph":[{"@type":"Article","@id":"https:\/\/cortinasjfpr.com\/blog\/2023\/11\/03\/hello-world\/#article","isPartOf":{"@id":"https:\/\/cortinasjfpr.com\/blog\/2023\/11\/03\/hello-world\/"},"author":{"name":"@CM_master","@id":"https:\/\/cortinasjfpr.com\/#\/schema\/person\/edc55b1d6dbcdcb0986f989f29036dde"},"headline":"Hello world!","datePublished":"2023-11-03T13:25:34+00:00","mainEntityOfPage":{"@id":"https:\/\/cortinasjfpr.com\/blog\/2023\/11\/03\/hello-world\/"},"wordCount":17,"commentCount":1,"publisher":{"@id":"https:\/\/cortinasjfpr.com\/#organization"},"inLanguage":"en-US","potentialAction":[{"@type":"CommentAction","name":"Comment","target":["https:\/\/cortinasjfpr.com\/blog\/2023\/11\/03\/hello-world\/#respond"]}]},{"@type":"WebPage","@id":"https:\/\/cortinasjfpr.com\/blog\/2023\/11\/03\/hello-world\/","url":"https:\/\/cortinasjfpr.com\/blog\/2023\/11\/03\/hello-world\/","name":"Hello world! - Compa\u00f1\u00eda de cortinas en Puerto Rico | Cortinas JF","isPartOf":{"@id":"https:\/\/cortinasjfpr.com\/#website"},"datePublished":"2023-11-03T13:25:34+00:00","breadcrumb":{"@id":"https:\/\/cortinasjfpr.com\/blog\/2023\/11\/03\/hello-world\/#breadcrumb"},"inLanguage":"en-US","potentialAction":[{"@type":"ReadAction","target":["https:\/\/cortinasjfpr.com\/blog\/2023\/11\/03\/hello-world\/"]}]},{"@type":"BreadcrumbList","@id":"https:\/\/cortinasjfpr.com\/blog\/2023\/11\/03\/hello-world\/#breadcrumb","itemListElement":[{"@type":"ListItem","position":1,"name":"Home","item":"https:\/\/cortinasjfpr.com\/"},{"@type":"ListItem","position":2,"name":"Hello world!"}]},{"@type":"WebSite","@id":"https:\/\/cortinasjfpr.com\/#website","url":"https:\/\/cortinasjfpr.com\/","name":"Compa\u00f1\u00eda de cortinas en Puerto Rico | Cortinas JF","description":"Cortinas JF, dedicados a la fabricaci\u00f3n e instalaci\u00f3n de cortinas, para interior y exterior. Operamos en toda la isla.  Cont\u00e1ctanos  78-79-43-72-66 y pide un estimado completamente gratis.","publisher":{"@id":"https:\/\/cortinasjfpr.com\/#organization"},"potentialAction":[{"@type":"SearchAction","target":{"@type":"EntryPoint","urlTemplate":"https:\/\/cortinasjfpr.com\/?s={search_term_string}"},"query-input":{"@type":"PropertyValueSpecification","valueRequired":true,"valueName":"search_term_string"}}],"inLanguage":"en-US"},{"@type":"Organization","@id":"https:\/\/cortinasjfpr.com\/#organization","name":"Compa\u00f1\u00eda de cortinas en Puerto Rico | Cortinas JF","url":"https:\/\/cortinasjfpr.com\/","logo":{"@type":"ImageObject","inLanguage":"en-US","@id":"https:\/\/cortinasjfpr.com\/#\/schema\/logo\/image\/","url":"https:\/\/infomediapr-websites-wp.s3.amazonaws.com\/wp-content\/uploads\/sites\/42\/2024\/11\/19172205\/cc5396_55669bfc24b149539186ca075866d810mv2.jpg","contentUrl":"https:\/\/infomediapr-websites-wp.s3.amazonaws.com\/wp-content\/uploads\/sites\/42\/2024\/11\/19172205\/cc5396_55669bfc24b149539186ca075866d810mv2.jpg","width":600,"height":115,"caption":"Compa\u00f1\u00eda de cortinas en Puerto Rico | Cortinas JF"},"image":{"@id":"https:\/\/cortinasjfpr.com\/#\/schema\/logo\/image\/"}},{"@type":"Person","@id":"https:\/\/cortinasjfpr.com\/#\/schema\/person\/edc55b1d6dbcdcb0986f989f29036dde","name":"@CM_master","image":{"@type":"ImageObject","inLanguage":"en-US","@id":"https:\/\/secure.gravatar.com\/avatar\/3f94f2d1c6fdfb8dfd9a3dc195cb9a9349ac18eb088c22244f1f60cc81f81b7b?s=96&d=mm&r=g","url":"https:\/\/secure.gravatar.com\/avatar\/3f94f2d1c6fdfb8dfd9a3dc195cb9a9349ac18eb088c22244f1f60cc81f81b7b?s=96&d=mm&r=g","contentUrl":"https:\/\/secure.gravatar.com\/avatar\/3f94f2d1c6fdfb8dfd9a3dc195cb9a9349ac18eb088c22244f1f60cc81f81b7b?s=96&d=mm&r=g","caption":"@CM_master"},"sameAs":["https:\/\/royalblue-ostrich-934698.hostingersite.com"],"url":"https:\/\/cortinasjfpr.com\/en\/blog\/author\/cm_master\/"}]}},"_links":{"self":[{"href":"https:\/\/cortinasjfpr.com\/en\/wp-json\/wp\/v2\/posts\/1","targetHints":{"allow":["GET"]}}],"collection":[{"href":"https:\/\/cortinasjfpr.com\/en\/wp-json\/wp\/v2\/posts"}],"about":[{"href":"https:\/\/cortinasjfpr.com\/en\/wp-json\/wp\/v2\/types\/post"}],"author":[{"embeddable":true,"href":"https:\/\/cortinasjfpr.com\/en\/wp-json\/wp\/v2\/users\/1"}],"replies":[{"embeddable":true,"href":"https:\/\/cortinasjfpr.com\/en\/wp-json\/wp\/v2\/comments?post=1"}],"version-history":[{"count":0,"href":"https:\/\/cortinasjfpr.com\/en\/wp-json\/wp\/v2\/posts\/1\/revisions"}],"wp:attachment":[{"href":"https:\/\/cortinasjfpr.com\/en\/wp-json\/wp\/v2\/media?parent=1"}],"wp:term":[{"taxonomy":"category","embeddable":true,"href":"https:\/\/cortinasjfpr.com\/en\/wp-json\/wp\/v2\/categories?post=1"},{"taxonomy":"post_tag","embeddable":true,"href":"https:\/\/cortinasjfpr.com\/en\/wp-json\/wp\/v2\/tags?post=1"}],"curies":[{"name":"wp","href":"https:\/\/api.w.org\/{rel}","templated":true}]}}